{"id":1424,"date":"2022-08-01T12:41:34","date_gmt":"2022-08-01T15:41:34","guid":{"rendered":"https:\/\/www.mdp.edu.ar\/derecho\/derecho2019\/?p=1424"},"modified":"2022-09-07T15:55:57","modified_gmt":"2022-09-07T18:55:57","slug":"concursos-para-ayudantias-estudiantiles","status":"publish","type":"post","link":"https:\/\/derecho.mdp.edu.ar\/index.php\/2022\/08\/01\/concursos-para-ayudantias-estudiantiles\/","title":{"rendered":"CONCURSOS PARA AYUDANT\u00cdAS ESTUDIANTILES"},"content":{"rendered":"<h1>Llamado a Concurso de Antecedentes y Oposici\u00f3n para la provisi\u00f3n de cargos de Ayudantes Estudiantes (OCA N\u00ba 174\/2022).<\/h1>\n<h2><span style=\"font-size: 1.25rem;\">Convocatoria finalizada. Acta de estudiantes inscriptos <a href=\"https:\/\/drive.google.com\/file\/d\/1Rt_wRgQPVVYmeUE3DeLxOqXZ3Hr1EC8l\/view?usp=sharing\">aqu\u00ed<\/a>.\u00a0<\/span><\/h2>\n<h2><span style=\"font-size: 1.25rem;\">\u00c1rea Curricular Ciencias Pol\u00edticas y Sociales:<\/span><\/h2>\n<p>CINCO (5) cargos en la asignatura \u201cTeor\u00eda General del Derecho\u201d<\/p>\n<p>CINCO (5) cargos en la asignatura \u201cDerecho Pol\u00edtico\u201d<\/p>\n<p>CUATRO (4) cargos en la asignatura \u201cHistoria del Derecho y Constitucional Argentina B\u201d<\/p>\n<p>DOS (2) cargos en la asignatura \u201cHistoria del Derecho y Constitucional Argentina A\u201d DOS (2) cargos en la asignatura \u201cFilosof\u00eda del Derecho A\u201d<\/p>\n<h2>\u00c1rea Curricular Derecho P\u00fablico:<\/h2>\n<p>TRES (3) cargos en la asignatura \u201cTeor\u00eda Constitucional B\u201d.<\/p>\n<p>TRES (3) cargos en la asignatura \u201cTeor\u00eda Constitucional A\u201d<\/p>\n<p>TRES (3) cargos en la asignatura Derecho Administrativo<\/p>\n<h2>\u00c1rea Curricular Derecho Civil:<\/h2>\n<p>CUATRO (4) cargos en la asignatura \u201cDerecho Civil Parte General\u201d<\/p>\n<p>DOS (2) cargos en \u201cDerecho de las Obligaciones Civiles y Comerciales<\/p>\n<p>DOS (2) Cargos en la asignatura \u201cDerecho de los Contratos Civiles y Comerciales\u201d<\/p>\n<h2>\u00c1rea Curricular Derecho Procesal Privado<\/h2>\n<p>TRES (3) cargos en la asignatura \u201cTeor\u00eda General del Proceso\u201d<\/p>\n<h2>\u00c1rea Curricular Derecho Econ\u00f3mico<\/h2>\n<p>TRES (3) cargos en la asignatura \u201cDerecho Comercial y del Transporte\u201d<\/p>\n<h2>\u00c1rea Curricular Derecho Penal<\/h2>\n<p>UN (1) cargo en la asignatura \u201cDerecho Penal. Parte General A\u201d<\/p>\n<p>UN (1) cargo en la asignatura \u201cDerecho Penal. Parte General B\u201d<\/p>\n<p>UN (1) cargo en la asignatura \u201cDerecho Penal. Parte Especial A\u201d<\/p>\n<p>UN (1) cargo en la asignatura \u201cDerecho Penal. Parte Especial B&#8221;<\/p>\n","protected":false},"excerpt":{"rendered":"<p>Convocatoria finalizada. Publicaci\u00f3n de acta de inscriptos a Ayudant\u00edas estudiantes de la Facultad de Derecho de la Universidad Nacional de Mar del Plata, para desempe\u00f1ar tareas de auxiliares de c\u00e1tedra.<\/p>\n","protected":false},"author":1,"featured_media":1220,"comment_status":"open","ping_status":"open","sticky":false,"template":"","format":"standard","meta":[],"categories":[2],"tags":[],"_links":{"self":[{"href":"https:\/\/derecho.mdp.edu.ar\/index.php\/wp-json\/wp\/v2\/posts\/1424"}],"collection":[{"href":"https:\/\/derecho.mdp.edu.ar\/index.php\/wp-json\/wp\/v2\/posts"}],"about":[{"href":"https:\/\/derecho.mdp.edu.ar\/index.php\/wp-json\/wp\/v2\/types\/post"}],"author":[{"embeddable":true,"href":"https:\/\/derecho.mdp.edu.ar\/index.php\/wp-json\/wp\/v2\/users\/1"}],"replies":[{"embeddable":true,"href":"https:\/\/derecho.mdp.edu.ar\/index.php\/wp-json\/wp\/v2\/comments?post=1424"}],"version-history":[{"count":6,"href":"https:\/\/derecho.mdp.edu.ar\/index.php\/wp-json\/wp\/v2\/posts\/1424\/revisions"}],"predecessor-version":[{"id":1451,"href":"https:\/\/derecho.mdp.edu.ar\/index.php\/wp-json\/wp\/v2\/posts\/1424\/revisions\/1451"}],"wp:featuredmedia":[{"embeddable":true,"href":"https:\/\/derecho.mdp.edu.ar\/index.php\/wp-json\/wp\/v2\/media\/1220"}],"wp:attachment":[{"href":"https:\/\/derecho.mdp.edu.ar\/index.php\/wp-json\/wp\/v2\/media?parent=1424"}],"wp:term":[{"taxonomy":"category","embeddable":true,"href":"https:\/\/derecho.mdp.edu.ar\/index.php\/wp-json\/wp\/v2\/categories?post=1424"},{"taxonomy":"post_tag","embeddable":true,"href":"https:\/\/derecho.mdp.edu.ar\/index.php\/wp-json\/wp\/v2\/tags?post=1424"}],"curies":[{"name":"wp","href":"https:\/\/api.w.org\/{rel}","templated":true}]}}