{"id":135,"date":"2018-10-12T16:05:24","date_gmt":"2018-10-12T19:05:24","guid":{"rendered":"http:\/\/www.mdp.edu.ar\/derecho\/derecho2019\/?p=135"},"modified":"2020-05-15T11:43:38","modified_gmt":"2020-05-15T14:43:38","slug":"litigacion-en-criminalidad-comun-y-compleja","status":"publish","type":"post","link":"https:\/\/derecho.mdp.edu.ar\/index.php\/2018\/10\/12\/litigacion-en-criminalidad-comun-y-compleja\/","title":{"rendered":"Litigaci\u00f3n en Criminalidad Com\u00fan y Compleja"},"content":{"rendered":"<p><strong>Curso de Posgrado \u2013 2019 Litigaci\u00f3n en Criminalidad Com\u00fan y Compleja<\/strong><\/p>\n<p><strong>Abril a diciembre.<\/strong>\u00a0Un encuentro por mes en la Facultad de Derecho de la Universidad. Viernes de 15 a 21 hs y s\u00e1bados de 9 a 14 hs.<\/p>\n<p><strong>Temario<\/strong><\/p>\n<ul>\n<li>Fundamentos constitucionales<\/li>\n<li>Planificaci\u00f3n del caso<\/li>\n<li>Litigaci\u00f3n en juicio oral<\/li>\n<li>Litigaci\u00f3n en audiencias previas<\/li>\n<\/ul>\n<p>&nbsp;<\/p>\n<p><strong>Direcci\u00f3n acad\u00e9mica:<\/strong>\u00a0Roberto Falcone, Alberto Binder, Ricardo Favarotto, Agust\u00edn Carrara.<\/p>\n<p><strong>Equipo docente:\u00a0<\/strong>Alejandra Alliaud, Alberto Binder, Agust\u00edn Carrara, Lucas Dolan, Pablo Farsa, Ricardo Favarotto, Gustavo Fissore, Joaqu\u00edn Freije, Juan Galarreta, Santiago Inchausti, \u00c1ngela Ledesma, Sebasti\u00e1n Narvaja, Ezequiel Oneto, Tamara Pe\u00f1alver, Gonzalo R\u00faa, Pablo Santamarina.<\/p>\n<p><strong>Consultas e inscripci\u00f3n:<\/strong>\u00a0info.cipce@gmail.com \/ whatsapp: 11 3360 1650 (Antonella)<\/p>\n","protected":false},"excerpt":{"rendered":"<p>FINALIZADO. Abril a diciembre.\u00a0Un encuentro por mes en la Facultad de Derecho de la Universidad. Viernes de 15 a 21 hs y s\u00e1bados de 9 a 14 hs.<\/p>\n","protected":false},"author":1,"featured_media":266,"comment_status":"open","ping_status":"open","sticky":false,"template":"","format":"standard","meta":[],"categories":[3,2],"tags":[],"_links":{"self":[{"href":"https:\/\/derecho.mdp.edu.ar\/index.php\/wp-json\/wp\/v2\/posts\/135"}],"collection":[{"href":"https:\/\/derecho.mdp.edu.ar\/index.php\/wp-json\/wp\/v2\/posts"}],"about":[{"href":"https:\/\/derecho.mdp.edu.ar\/index.php\/wp-json\/wp\/v2\/types\/post"}],"author":[{"embeddable":true,"href":"https:\/\/derecho.mdp.edu.ar\/index.php\/wp-json\/wp\/v2\/users\/1"}],"replies":[{"embeddable":true,"href":"https:\/\/derecho.mdp.edu.ar\/index.php\/wp-json\/wp\/v2\/comments?post=135"}],"version-history":[{"count":4,"href":"https:\/\/derecho.mdp.edu.ar\/index.php\/wp-json\/wp\/v2\/posts\/135\/revisions"}],"predecessor-version":[{"id":748,"href":"https:\/\/derecho.mdp.edu.ar\/index.php\/wp-json\/wp\/v2\/posts\/135\/revisions\/748"}],"wp:featuredmedia":[{"embeddable":true,"href":"https:\/\/derecho.mdp.edu.ar\/index.php\/wp-json\/wp\/v2\/media\/266"}],"wp:attachment":[{"href":"https:\/\/derecho.mdp.edu.ar\/index.php\/wp-json\/wp\/v2\/media?parent=135"}],"wp:term":[{"taxonomy":"category","embeddable":true,"href":"https:\/\/derecho.mdp.edu.ar\/index.php\/wp-json\/wp\/v2\/categories?post=135"},{"taxonomy":"post_tag","embeddable":true,"href":"https:\/\/derecho.mdp.edu.ar\/index.php\/wp-json\/wp\/v2\/tags?post=135"}],"curies":[{"name":"wp","href":"https:\/\/api.w.org\/{rel}","templated":true}]}}