{"id":1306,"date":"2022-05-16T13:31:39","date_gmt":"2022-05-16T16:31:39","guid":{"rendered":"https:\/\/www.mdp.edu.ar\/derecho\/derecho2019\/?p=1306"},"modified":"2022-05-17T16:08:10","modified_gmt":"2022-05-17T19:08:10","slug":"nuevo-curso-de-posgrado-aspectos-centrales-de-la-teoria-de-la-imputacion","status":"publish","type":"post","link":"https:\/\/derecho.mdp.edu.ar\/index.php\/2022\/05\/16\/nuevo-curso-de-posgrado-aspectos-centrales-de-la-teoria-de-la-imputacion\/","title":{"rendered":"Curso de Posgrado: Aspectos centrales de la Teor\u00eda de la Imputaci\u00f3n"},"content":{"rendered":"<h1>CURSO DE POSGRADO:\u00a0Aspectos centrales de la Teor\u00eda de la Imputaci\u00f3n<\/h1>\n<p><strong>DIRECCI\u00d3N ACAD\u00c9MICA:<\/strong> Prof. Dr. Andr\u00e9s FALCONE (UBA-UNMDP)<\/p>\n<p><strong>COORDINACI\u00d3N ACAD\u00c9MICA:<\/strong> Esp. Mar\u00eda Paz MILANO (UNMDP)<\/p>\n<p><strong>PROFESORES:<\/strong><\/p>\n<p>Prof. Dr. Jos\u00e9 Antonio CARO JOHN (Peru);<br \/>\nProf. Dr. Andres FALCONE;<br \/>\nProf. Dr. Marcelo FERRANTE; Prof. Dr. Marcelo LERMAN;<br \/>\nProf. Dr. Juan Pablo MA\u00d1ALICH (Chile);<br \/>\nProf. Dr. Juan Pablo MONTIEL;<br \/>\nProf. Dr. Gabriel P\u00c9REZ BARBER\u00c1;<br \/>\nProf. Dr. Eduardo SAAD-DINIZ (Brasil).<\/p>\n<p><strong>Modalidad de cursada:<\/strong> ON LINE A trav\u00e9s de Plataforma Zoom. Sujeto a eventuales modificaciones. <span style=\"font-size: 1rem;\">Jueves de 3 hs c\/u de 18:00 a 21:00 hs.\u00a0<\/span><\/p>\n<p><strong>Fecha de Inicio:<\/strong> 20 de junio de 2022.<\/p>\n<p><strong>INSCRIPCIONES haciendo click <a href=\"https:\/\/docs.google.com\/forms\/d\/e\/1FAIpQLSdWoxyfd4EddLrr5YJI3ST12Rb9bWE9nTvSsAsU2TGknEcEAg\/viewform\">aqu\u00ed<\/a>.<\/strong><\/p>\n<h2>Presentaci\u00f3n<\/h2>\n<p>Este curso de posgrado tiene en miras el abordaje de los temas principales de la teor\u00eda de la imputaci\u00f3n. En efecto, el objeto de su estudio no se reduce a un an\u00e1lisis meramente expositivo de los institutos, sino que intenta echar luz sobre la profunda crisis que atraviesa en la actualidad algunos de los pilares de la teor\u00eda del injusto personal. Por lo tanto, el presente programa persigue aportarle al alumno una visi\u00f3n moderna sobre el estado de la discusi\u00f3n en los principales temas de actualidad, de la mano de un cuerpo docente altamente calificado a tal efecto. No obstante, el abordaje profundo sobre los temas centrales de la teor\u00eda de imputaci\u00f3n est\u00e1 presentado de modo tal que le aporte herramientas fundamentales no solo a quienes participan de la actividad acad\u00e9mica, sino tambi\u00e9n a aquellos que ejercen profesionalmente el litigio penal.<\/p>\n<h2>Objetivos<\/h2>\n<p>Profundizar y actualizar el conocimiento en los temas centrales de la teoria de la imputaci\u00f3n juridico-penal. . Comprender, utilizar y personalizar las distintas herramientas\u00a0de la teor\u00eda de la imputaci\u00f3n para el an\u00e1lisis y resoluci\u00f3n de\u00a0casos. Estudiar cr\u00edticamente las tendencias dogm\u00e1ticas m\u00e1s actuales de la teor\u00eda de la imputaci\u00f3n.<\/p>\n<h2>Cronograma del curso<\/h2>\n<p><strong>Prof. Dr. Andr\u00e9s FALCONE.<\/strong>\u00a0Fundamentos de la Intervenci\u00f3n Delictivo.<\/p>\n<p><strong>Prof. Dr. Eduardo SAAD DINIZ.<\/strong> Responsabilidad penal de las personas jur\u00eddicas y compliance.<\/p>\n<p><strong>Prof. Dr. Gabriel P\u00c9REZ BARBER\u00c1.<\/strong> Ceguera ante los hechos e ignorancia deliberada.<\/p>\n<p><strong>Prof. Dr. Juan Pablo MA\u00d1ALICH.<\/strong> La tentativa de delito como hecho punible.<\/p>\n<p><strong>Prof. Dr. Jos\u00e9 Antonio CARO JOHN<\/strong> Lineamientos generales de la Teor\u00eda de la\u00a0Imputaci\u00f3n Objetiva.<\/p>\n<p><strong>Prof. Dr. Marcelo LERMAN.\u00a0<\/strong>La Omisi\u00f3n por Comisi\u00f3n.<\/p>\n<p><strong>Prof. Dr. Juan Pablo MONTIEL.\u00a0<\/strong>Estructuras de responsabilidad penal y teor\u00eda\u00a0del delito.<\/p>\n<p><strong>Prof. Dr. Marcelo FERRANTE.<\/strong> El problema de la imprudencia.<\/p>\n","protected":false},"excerpt":{"rendered":"<p>Este curso de posgrado tiene en miras el abordaje de los temas principales de la teor\u00eda de la imputaci\u00f3n. Modalidad online a trav\u00e9s de Plataforma Zoom. Sujeto a eventuales modificaciones. Jueves de 3 hs c\/u de 18 a 21 hs.\u00a0<\/p>\n","protected":false},"author":1,"featured_media":1307,"comment_status":"open","ping_status":"open","sticky":false,"template":"","format":"standard","meta":[],"categories":[3,2],"tags":[],"_links":{"self":[{"href":"https:\/\/derecho.mdp.edu.ar\/index.php\/wp-json\/wp\/v2\/posts\/1306"}],"collection":[{"href":"https:\/\/derecho.mdp.edu.ar\/index.php\/wp-json\/wp\/v2\/posts"}],"about":[{"href":"https:\/\/derecho.mdp.edu.ar\/index.php\/wp-json\/wp\/v2\/types\/post"}],"author":[{"embeddable":true,"href":"https:\/\/derecho.mdp.edu.ar\/index.php\/wp-json\/wp\/v2\/users\/1"}],"replies":[{"embeddable":true,"href":"https:\/\/derecho.mdp.edu.ar\/index.php\/wp-json\/wp\/v2\/comments?post=1306"}],"version-history":[{"count":3,"href":"https:\/\/derecho.mdp.edu.ar\/index.php\/wp-json\/wp\/v2\/posts\/1306\/revisions"}],"predecessor-version":[{"id":1316,"href":"https:\/\/derecho.mdp.edu.ar\/index.php\/wp-json\/wp\/v2\/posts\/1306\/revisions\/1316"}],"wp:featuredmedia":[{"embeddable":true,"href":"https:\/\/derecho.mdp.edu.ar\/index.php\/wp-json\/wp\/v2\/media\/1307"}],"wp:attachment":[{"href":"https:\/\/derecho.mdp.edu.ar\/index.php\/wp-json\/wp\/v2\/media?parent=1306"}],"wp:term":[{"taxonomy":"category","embeddable":true,"href":"https:\/\/derecho.mdp.edu.ar\/index.php\/wp-json\/wp\/v2\/categories?post=1306"},{"taxonomy":"post_tag","embeddable":true,"href":"https:\/\/derecho.mdp.edu.ar\/index.php\/wp-json\/wp\/v2\/tags?post=1306"}],"curies":[{"name":"wp","href":"https:\/\/api.w.org\/{rel}","templated":true}]}}