{"id":129,"date":"2018-09-25T18:10:00","date_gmt":"2018-09-25T21:10:00","guid":{"rendered":"http:\/\/www.mdp.edu.ar\/derecho\/derecho2019\/?p=129"},"modified":"2019-08-20T09:27:59","modified_gmt":"2019-08-20T12:27:59","slug":"reforma-a-la-ley-de-riesgos-des-trabajo-y-procedimiento-ante-las-comisiones-medicas","status":"publish","type":"post","link":"https:\/\/derecho.mdp.edu.ar\/index.php\/2018\/09\/25\/reforma-a-la-ley-de-riesgos-des-trabajo-y-procedimiento-ante-las-comisiones-medicas\/","title":{"rendered":"Reforma a la Ley de Riesgos des Trabajo y Procedimiento ante las Comisiones M\u00e9dicas &#8211; FINALIZADO"},"content":{"rendered":"<p><strong>CURSO DE POSGRADO\u00a0Reforma a la Ley de Riesgos des Trabajo y Procedimiento ante las Comisiones M\u00e9dicas<\/strong><\/p>\n<p><strong>Horar<\/strong><strong>io:<\/strong>\u00a0Viernes de 16 a 20 hs. y S\u00e1bados de 09 a 13hs.<\/p>\n<p><strong>Costo:<\/strong>\u00a0Pesos cuatro mil ($4.000.-)<br \/>\n<strong>Consultas de Inscripci\u00f3n:<\/strong>\u00a0Secretar\u00eda de Posgrado de la Facultad de Derecho de la Universidad\u00a0Nacional de Mar del Plata<br \/>\n<strong>Email:\u00a0<\/strong>posgrado.der@gmail.com<\/p>\n<h4>PROGRAMA<\/h4>\n<p><strong>Viernes 28 de Septiembre<\/strong><\/p>\n<p>Sistemas de Riesgos del Trabajo<br \/>\nContingencias cubiertas.<br \/>\nExclusiones de la Ley de Riesgos de Trabajo.<br \/>\nLitigiosidad del Sistema de Riesgo de Trabajo.<\/p>\n<p><strong>Clase a cargo del Magister\u00a0<\/strong><strong>Gonzalo Dabini.<\/strong><\/p>\n<p><strong>S\u00e1bado 29 de Septiembre<\/strong><\/p>\n<p>Las prestaciones previstas por la Ley de\u00a0Riesgos de Trabajo.<br \/>\nResponsabilidad Civil del Empleador y Acciones de\u00a0Recupero de la ART.<br \/>\nRelaciones entre del Sistema de Riegos de Trabajo y el\u00a0Derecho Previsional.<\/p>\n<p><strong>Clase a cargo del Abogado y Licenciado en Ciencias\u00a0<\/strong><strong>Pol\u00edticas Gonzalo Alfredo Miri.<\/strong><\/p>\n<p><strong>Viernes 19 de Octubre<\/strong><\/p>\n<p>Antecedentes de la Ley de Riesgos del Trabajo.<br \/>\nEntes gestores del Sistema.<br \/>\nAseguradoras de Riesgos del Trabajo. Afiliaci\u00f3n.<br \/>\nR\u00e9gimen Financiero.<\/p>\n<p><strong>Clase a cargo del Abogado Gonzalo Javier Herrera.<\/strong><\/p>\n<p><strong>S\u00e1bado 20 de Octubre<\/strong><\/p>\n<p>Nuevos Paradigmas en el Sistema de Riesgos\u00a0de Trabajo.<br \/>\nEjes claves para la implementaci\u00f3n de la Reforma.<br \/>\nLa V\u00eda\u00a0Recursiva.<br \/>\nAdhesiones Provinciales.<\/p>\n<p><strong>Clase a cargo de la Abogada Especialista en Derecho Administrativo Carolina Zoel\u00ed D\u00edaz.<\/strong><\/p>\n<p><strong>Viernes 02 de Noviembre<\/strong><\/p>\n<p>Comisiones M\u00e9dicas. Problem\u00e1tica M\u00e9dica.<br \/>\nTr\u00e1mites anta las Comisiones M\u00e9dicas. Determinaci\u00f3n de Incapacidades.<br \/>\nNuevos Tr\u00e1mites ante CM- Cuestiones del Servicio de Homologaci\u00f3n.<br \/>\nEnfermedades Profesionales. Problem\u00e1ticas M\u00e9dicas.<\/p>\n<p><strong>Clase a cargo del\u00a0<\/strong><strong>M\u00e9dico Legista Dr. Daniel Alfredo Sorrentino.\u00a0<\/strong><\/p>\n<p><strong>S\u00e1bado 03 de Noviembre<\/strong><\/p>\n<p>Tr\u00e1mites ante la SRT. Denuncia de\u00a0Siniestro. Posibilidades de Rechazo o Aceptaci\u00f3n del Siniestro. Rechazo por no Seguro. Enfermedad no Listada. Comisiones M\u00e9dicas- Cuestiones Jur\u00eddico\u00a0Procesales: Competencia, Facultades, Procedimiento y Recursos.<\/p>\n<p><strong>Clase a\u00a0<\/strong><strong>cargo del Abogado Antonio Luis Sambucetti.<\/strong><\/p>\n<p><strong>Viernes 30 de Noviembre<\/strong><\/p>\n<p>La Prevenci\u00f3n en el Sistema de Riesgos del<br \/>\nTrabajo. Normativa de aplicaci\u00f3n y protocolos.<br \/>\nRiesgos Psicosociales del\u00a0Trabajo. Tipos m\u00e1s comunes derivados de la Organizaci\u00f3n del Trabajo.\u00a0Nuevas Problem\u00e1ticas.<\/p>\n<p><strong>Clase a cargo del Lic. en Higiene y\u00a0<\/strong><strong>Seguridad\u00a0<\/strong><strong>Brian Sarmiento.<\/strong><\/p>\n<p><strong>S\u00e1bado 01 de Diciembre<\/strong><\/p>\n<p>Jurisprudencia aplicable en materia de Riesgos del Trabajo.<\/p>\n<p><strong>Clase a cargo de la Mag. Estela Rosario Mart\u00ed de Minutella.\u00a0<\/strong><\/p>\n","protected":false},"excerpt":{"rendered":"<p>FINALIZADO Septiembre a Diciembre, de\u00a0Viernes de 16 a 20 hs. y S\u00e1bados de 09 a 13hs.<\/p>\n","protected":false},"author":1,"featured_media":269,"comment_status":"open","ping_status":"open","sticky":false,"template":"","format":"standard","meta":[],"categories":[3,2],"tags":[],"_links":{"self":[{"href":"https:\/\/derecho.mdp.edu.ar\/index.php\/wp-json\/wp\/v2\/posts\/129"}],"collection":[{"href":"https:\/\/derecho.mdp.edu.ar\/index.php\/wp-json\/wp\/v2\/posts"}],"about":[{"href":"https:\/\/derecho.mdp.edu.ar\/index.php\/wp-json\/wp\/v2\/types\/post"}],"author":[{"embeddable":true,"href":"https:\/\/derecho.mdp.edu.ar\/index.php\/wp-json\/wp\/v2\/users\/1"}],"replies":[{"embeddable":true,"href":"https:\/\/derecho.mdp.edu.ar\/index.php\/wp-json\/wp\/v2\/comments?post=129"}],"version-history":[{"count":3,"href":"https:\/\/derecho.mdp.edu.ar\/index.php\/wp-json\/wp\/v2\/posts\/129\/revisions"}],"predecessor-version":[{"id":612,"href":"https:\/\/derecho.mdp.edu.ar\/index.php\/wp-json\/wp\/v2\/posts\/129\/revisions\/612"}],"wp:featuredmedia":[{"embeddable":true,"href":"https:\/\/derecho.mdp.edu.ar\/index.php\/wp-json\/wp\/v2\/media\/269"}],"wp:attachment":[{"href":"https:\/\/derecho.mdp.edu.ar\/index.php\/wp-json\/wp\/v2\/media?parent=129"}],"wp:term":[{"taxonomy":"category","embeddable":true,"href":"https:\/\/derecho.mdp.edu.ar\/index.php\/wp-json\/wp\/v2\/categories?post=129"},{"taxonomy":"post_tag","embeddable":true,"href":"https:\/\/derecho.mdp.edu.ar\/index.php\/wp-json\/wp\/v2\/tags?post=129"}],"curies":[{"name":"wp","href":"https:\/\/api.w.org\/{rel}","templated":true}]}}