{"id":1212,"date":"2021-12-06T12:32:44","date_gmt":"2021-12-06T15:32:44","guid":{"rendered":"https:\/\/www.mdp.edu.ar\/derecho\/derecho2019\/?p=1212"},"modified":"2021-12-14T09:56:20","modified_gmt":"2021-12-14T12:56:20","slug":"llamado-a-concurso-publico-de-oposicion-y-antecedentes","status":"publish","type":"post","link":"https:\/\/derecho.mdp.edu.ar\/index.php\/2021\/12\/06\/llamado-a-concurso-publico-de-oposicion-y-antecedentes\/","title":{"rendered":"Llamado a Concurso P\u00fablico de Oposici\u00f3n y Antecedentes"},"content":{"rendered":"<h1>Concurso P\u00fablico de Oposici\u00f3n y Antecedentes, conforme las normativas de la Carrera Docente, OCS N\u00aa 690\/93 y modificatorias y \u00a0OCA N\u00aa 406\/18.-<\/h1>\n<div><\/div>\n<div>Llamado aprobado por\u00a0OCA N\u00b0 1331\/21, para cargo de Profesor\/a Titular con dedicaci\u00f3n parcial en el \u00c1rea curricular de Derecho Penal, con funciones en la asignatura PR\u00c1CTICA PROCESAL PENAL. \u00a0PER\u00cdODO DE INSCRIPCI\u00d3N:\u00a0<b>DEL 1\u00aa DE FEBRERO HASTA \u00a0LAS 14 HS. DEL 22 DE FEBRERO DE 2022.-<\/b><\/div>\n<div><\/div>\n<div>M\u00e1s informaci\u00f3n sobre inscripci\u00f3n a concursos <a href=\"https:\/\/www.mdp.edu.ar\/derecho\/derecho2019\/index.php\/docentes-concursos-y-revalidas\/\">aqu\u00ed<\/a>.<\/div>\n","protected":false},"excerpt":{"rendered":"<p>Llamado aprobado por\u00a0OCA N\u00b0 1331\/21, para cargo de Profesor\/a Titular con dedicaci\u00f3n parcial en el \u00c1rea curricular de Derecho Penal, con funciones en la asignatura PR\u00c1CTICA PROCESAL PENAL. <\/p>\n","protected":false},"author":1,"featured_media":1222,"comment_status":"open","ping_status":"open","sticky":false,"template":"","format":"standard","meta":[],"categories":[2],"tags":[],"_links":{"self":[{"href":"https:\/\/derecho.mdp.edu.ar\/index.php\/wp-json\/wp\/v2\/posts\/1212"}],"collection":[{"href":"https:\/\/derecho.mdp.edu.ar\/index.php\/wp-json\/wp\/v2\/posts"}],"about":[{"href":"https:\/\/derecho.mdp.edu.ar\/index.php\/wp-json\/wp\/v2\/types\/post"}],"author":[{"embeddable":true,"href":"https:\/\/derecho.mdp.edu.ar\/index.php\/wp-json\/wp\/v2\/users\/1"}],"replies":[{"embeddable":true,"href":"https:\/\/derecho.mdp.edu.ar\/index.php\/wp-json\/wp\/v2\/comments?post=1212"}],"version-history":[{"count":2,"href":"https:\/\/derecho.mdp.edu.ar\/index.php\/wp-json\/wp\/v2\/posts\/1212\/revisions"}],"predecessor-version":[{"id":1215,"href":"https:\/\/derecho.mdp.edu.ar\/index.php\/wp-json\/wp\/v2\/posts\/1212\/revisions\/1215"}],"wp:featuredmedia":[{"embeddable":true,"href":"https:\/\/derecho.mdp.edu.ar\/index.php\/wp-json\/wp\/v2\/media\/1222"}],"wp:attachment":[{"href":"https:\/\/derecho.mdp.edu.ar\/index.php\/wp-json\/wp\/v2\/media?parent=1212"}],"wp:term":[{"taxonomy":"category","embeddable":true,"href":"https:\/\/derecho.mdp.edu.ar\/index.php\/wp-json\/wp\/v2\/categories?post=1212"},{"taxonomy":"post_tag","embeddable":true,"href":"https:\/\/derecho.mdp.edu.ar\/index.php\/wp-json\/wp\/v2\/tags?post=1212"}],"curies":[{"name":"wp","href":"https:\/\/api.w.org\/{rel}","templated":true}]}}