{"id":121,"date":"2022-07-05T07:05:05","date_gmt":"2022-07-05T10:05:05","guid":{"rendered":"http:\/\/www.mdp.edu.ar\/derecho\/derecho2019\/?p=121"},"modified":"2022-07-06T13:01:13","modified_gmt":"2022-07-06T16:01:13","slug":"especializacion-en-derecho-administrativo","status":"publish","type":"post","link":"https:\/\/derecho.mdp.edu.ar\/index.php\/2022\/07\/05\/especializacion-en-derecho-administrativo\/","title":{"rendered":"Especializaci\u00f3n en Derecho Administrativo"},"content":{"rendered":"<h4>ABIERTA LA PREINSCRIPCI\u00d3N: Desde el 04 de abril haciendo click <a href=\"https:\/\/docs.google.com\/forms\/d\/e\/1FAIpQLScVQVhvGElvZw3qc6aoJcra1BeF_FzBGwP91ZoEYJuVVhDFyA\/viewform?vc=0&amp;c=0&amp;w=1&amp;flr=0\">aqu\u00ed<\/a>.<\/h4>\n<p>Consultas v\u00eda correo electr\u00f3nico a posgrado.der@gmail.com y por Whatsapp al 223 597 8227<\/p>\n<h4><strong>CARRERA DE POSGRADO: Especializaci\u00f3n en Derecho Administrativo<\/strong><\/h4>\n<p><strong>DIRECTOR ACAD\u00c9MICO:<\/strong> Dr. TOMAS HUTCHINSON<\/p>\n<p><strong>COMIT\u00c9 ORGANIZADOR: <\/strong>Dra. Ana Mar\u00eda Vernetti, Dr. Fernando Mumare, Esp. Mar\u00eda del Carmen Giacondino.<\/p>\n<p><strong>CASA DE ESTUDIOS:<\/strong> UNIVERSIDAD NACIONAL DE MAR DEL PLATA OCS Nro. 095\/94, 1254\/94<\/p>\n<p><strong>ACREDITACI\u00d3N:<\/strong> CONEAU Categor\u00eda \u201cC\u201d (Res. 822\/15)<\/p>\n<p><strong>TITULACI\u00d3N:<\/strong> Otorga el titulo de Especialista en Derecho Administrativo expedido por la Universidad Nacional de Mar del Plata, convalidado por el Ministerio de Cultura y Educaci\u00f3n de la Naci\u00f3n.<\/p>\n<p><strong>INICIO:<\/strong> Agosto de 2022<\/p>\n<p><strong>CARGA HORARIA:<\/strong> 360 horas reloj m\u00e1s 120 horas de investigaci\u00f3n para la elaboraci\u00f3n del trabajo final integrador.<\/p>\n<p><strong>DURACI\u00d3N: <\/strong>2 a\u00f1os y medio<\/p>\n<p><strong>D\u00cdAS Y HORARIOS:<\/strong> Viernes de 16.00 a 20.00hs y s\u00e1bados de 9.00 a 13.00hs<\/p>\n<p><strong>MODALIDAD:<\/strong> Presencial, encuentros cada 15 d\u00edas.<\/p>\n<p><strong><u>PLAN DE ESTUDIOS<\/u><\/strong><\/p>\n<p><strong><u>PRIMER M\u00d3DULO \u2013 BASES<\/u><\/strong><\/p>\n<p>MATERIA: DERECHO ADMINISTRATIVO PARTE GENERAL<\/p>\n<p>MATERIA: DERECHO CONSTITUCIONAL PROFUNDIZADO<\/p>\n<p>MATERIA: DERECHO URBAN\u00cdSTICO<\/p>\n<p>MATERIA: DERECHO Y PROCEDIMIENTO TRIBUTARIO ADUANERO<\/p>\n<p><strong><u>SEGUNDO M\u00d3DULO \u2013 ADMINISTRACI\u00d3N EN ACCI\u00d3N<\/u><\/strong><\/p>\n<p>MATERIA: DERECHO PROCESAL ADMINISTRATIVO<\/p>\n<p>MATERIA: PROCEDIMIENTO ADMINSTRATIVO<\/p>\n<p><strong><u>TERCER MODULO \u2013 INTERVENCI\u00d3N ADMINISTRATIVA<\/u><\/strong><\/p>\n<p>MATERIA: DERECHO ADMINISTRATIVO PARTE ESPECIAL<\/p>\n<p>MATERIA: DERECHO P\u00daBLICO PROVINCIAL Y MUNICIPAL<\/p>\n<p>MATERIA: DERECHO ADMINISTRATIVO GLOBAL<\/p>\n<p><strong><u>CUARTO M\u00d3DULO \u2013EJERCITACI\u00d3N PR\u00c1CTICA<\/u><\/strong><\/p>\n<p>MATERIA: SEMINARIO DE FORMACI\u00d3N DE RECURSOS HUMANOS<\/p>\n<p>MATERIA: SEMINARIO METODOLOG\u00cdA DE LA INVESTIGACI\u00d3N<\/p>\n<p>MATERIA: CL\u00cdNICA JUR\u00cdDICA<\/p>\n<p><b><u>CUERPO DOCENTE:<\/u><\/b><\/p>\n<p>Dr. Tom\u00e1s Hutchinson;\u00a0Esp. Marina S\u00e1nchez Herrero;\u00a0Esp. Mar\u00eda del Carmen Giacondino;\u00a0Dra. Ana Mar\u00eda Vernetti;\u00a0Dr. Fernando Carlos Mumare;\u00a0Esp. Javier Dar\u00edo Guiridlian Larosa;\u00a0Abog. David Andr\u00e9s Halper\u00edn;\u00a0Abog. Alberto Antonio Spota;\u00a0Dr. Carlos Alfredo Botassi;\u00a0Mg. Alberto Biglieri;\u00a0Dr. Jorge Reinaldo Vanossi;\u00a0Dr. Marcelo L\u00f3pez Alfons\u00edn;\u00a0Dr. Eduardo Jim\u00e9nez;\u00a0Dra. Claudia Luj\u00e1n Oviedo;\u00a0Mg. Mariana Beatriz Pucciarello;\u00a0Dr. Roberto Carro Paz;\u00a0Mg. Jorge Alberto Esa\u00edn;\u00a0Dr. Manuel Eduardo Comesa\u00f1a;\u00a0Dr. Daniel Alberto Sabsay;\u00a0Dra. Florencia Estela P\u00e9rez;\u00a0Dra. Silvia Cristina Nonna;\u00a0Esp. Roc\u00edo Laura Redondo;\u00a0Dr. Pedro Aberastury;\u00a0Esp. Adriana Silvia Ant\u00f3n;\u00a0Dr. Carlos F. Balb\u00edn.<\/p>\n<p>&nbsp;<\/p>\n","protected":false},"excerpt":{"rendered":"<p>\u00a1Abierta la preinscripci\u00f3n!. CARRERA DE POSGRADO: Especializaci\u00f3n en Derecho Administrativo. DIRECTOR ACAD\u00c9MICO: Dr. TOMAS HUTCHINSON<\/p>\n","protected":false},"author":1,"featured_media":265,"comment_status":"open","ping_status":"open","sticky":false,"template":"","format":"standard","meta":[],"categories":[4,2],"tags":[],"_links":{"self":[{"href":"https:\/\/derecho.mdp.edu.ar\/index.php\/wp-json\/wp\/v2\/posts\/121"}],"collection":[{"href":"https:\/\/derecho.mdp.edu.ar\/index.php\/wp-json\/wp\/v2\/posts"}],"about":[{"href":"https:\/\/derecho.mdp.edu.ar\/index.php\/wp-json\/wp\/v2\/types\/post"}],"author":[{"embeddable":true,"href":"https:\/\/derecho.mdp.edu.ar\/index.php\/wp-json\/wp\/v2\/users\/1"}],"replies":[{"embeddable":true,"href":"https:\/\/derecho.mdp.edu.ar\/index.php\/wp-json\/wp\/v2\/comments?post=121"}],"version-history":[{"count":7,"href":"https:\/\/derecho.mdp.edu.ar\/index.php\/wp-json\/wp\/v2\/posts\/121\/revisions"}],"predecessor-version":[{"id":1401,"href":"https:\/\/derecho.mdp.edu.ar\/index.php\/wp-json\/wp\/v2\/posts\/121\/revisions\/1401"}],"wp:featuredmedia":[{"embeddable":true,"href":"https:\/\/derecho.mdp.edu.ar\/index.php\/wp-json\/wp\/v2\/media\/265"}],"wp:attachment":[{"href":"https:\/\/derecho.mdp.edu.ar\/index.php\/wp-json\/wp\/v2\/media?parent=121"}],"wp:term":[{"taxonomy":"category","embeddable":true,"href":"https:\/\/derecho.mdp.edu.ar\/index.php\/wp-json\/wp\/v2\/categories?post=121"},{"taxonomy":"post_tag","embeddable":true,"href":"https:\/\/derecho.mdp.edu.ar\/index.php\/wp-json\/wp\/v2\/tags?post=121"}],"curies":[{"name":"wp","href":"https:\/\/api.w.org\/{rel}","templated":true}]}}