{"id":1188,"date":"2021-11-09T13:34:54","date_gmt":"2021-11-09T16:34:54","guid":{"rendered":"https:\/\/www.mdp.edu.ar\/derecho\/derecho2019\/?p=1188"},"modified":"2023-02-18T11:55:36","modified_gmt":"2023-02-18T14:55:36","slug":"paseo-de-la-diversidad","status":"publish","type":"post","link":"https:\/\/derecho.mdp.edu.ar\/index.php\/2021\/11\/09\/paseo-de-la-diversidad\/","title":{"rendered":"Paseo de la Diversidad"},"content":{"rendered":"<h1>D\u00cdA DEL RESPETO A LA DIVERSIDAD CULTURAL &#8211; INAUGURACI\u00d3N DEL PASEO DE LA DIVERSIDAD<\/h1>\n<p>En el marco del D\u00eda del Respeto a la Diversidad Cultural, la Facultad de Derecho UNMDP inaugur\u00f3 el Paseo de la Diversidad. La obra surgi\u00f3 de una Ordenanza del Consejo Acad\u00e9mico impulsada por representantes del Centro de Estudiantes de Derecho y acompa\u00f1ada por todos los claustros; en miras de simbolizar el respeto a las diferencias, la lucha en pos de una sociedad igualitaria y el reconocimiento de la diversidad sexual.<\/p>\n<p>Este nuevo espacio suma otro eslab\u00f3n a la cadena de intervenciones simb\u00f3licas que visten el edificio de profundas luchas y movimientos sociales.<\/p>\n<p>Asistieron a la inauguraci\u00f3n el rector Alfredo Lazzeretti, la decana Mar\u00eda del Carmen Ortega, la vicedecana Silvia Berardo, el vicepresidente del Colegio de Abogados de Mar del Plata Facundo Bustos, representantes del Centro de Estudiantes, y autoridades de la facultad.<\/p>\n<p>Durante el encuentro se destac\u00f3 el trabajo de las artistas Sabrina Calder\u00edn, \u00c1gata Navarro de Armas, Cintia Nogueira y Lola Su\u00e1rez del Grupo Inmurales , quienes interpretaron y lograron crear esta bella obra de arte.<\/p>\n<p><iframe loading=\"lazy\" title=\"Inauguraci\u00f3n del Paseo de la Diversidad\" width=\"525\" height=\"295\" src=\"https:\/\/www.youtube.com\/embed\/gmOvKeIIUNY?feature=oembed\" frameborder=\"0\" allow=\"accelerometer; autoplay; clipboard-write; encrypted-media; gyroscope; picture-in-picture; web-share\" allowfullscreen><\/iframe><\/p>\n","protected":false},"excerpt":{"rendered":"<p>En el marco del D\u00eda del Respeto a la Diversidad Cultural, la Facultad de Derecho UNMDP inaugur\u00f3 el Paseo de la Diversidad. La obra surgi\u00f3 de una Ordenanza del Consejo Acad\u00e9mico impulsada por representantes del Centro de Estudiantes de Derecho y acompa\u00f1ada por todos los claustros.<\/p>\n","protected":false},"author":1,"featured_media":1189,"comment_status":"open","ping_status":"open","sticky":false,"template":"","format":"standard","meta":[],"categories":[2],"tags":[],"_links":{"self":[{"href":"https:\/\/derecho.mdp.edu.ar\/index.php\/wp-json\/wp\/v2\/posts\/1188"}],"collection":[{"href":"https:\/\/derecho.mdp.edu.ar\/index.php\/wp-json\/wp\/v2\/posts"}],"about":[{"href":"https:\/\/derecho.mdp.edu.ar\/index.php\/wp-json\/wp\/v2\/types\/post"}],"author":[{"embeddable":true,"href":"https:\/\/derecho.mdp.edu.ar\/index.php\/wp-json\/wp\/v2\/users\/1"}],"replies":[{"embeddable":true,"href":"https:\/\/derecho.mdp.edu.ar\/index.php\/wp-json\/wp\/v2\/comments?post=1188"}],"version-history":[{"count":2,"href":"https:\/\/derecho.mdp.edu.ar\/index.php\/wp-json\/wp\/v2\/posts\/1188\/revisions"}],"predecessor-version":[{"id":1191,"href":"https:\/\/derecho.mdp.edu.ar\/index.php\/wp-json\/wp\/v2\/posts\/1188\/revisions\/1191"}],"wp:featuredmedia":[{"embeddable":true,"href":"https:\/\/derecho.mdp.edu.ar\/index.php\/wp-json\/wp\/v2\/media\/1189"}],"wp:attachment":[{"href":"https:\/\/derecho.mdp.edu.ar\/index.php\/wp-json\/wp\/v2\/media?parent=1188"}],"wp:term":[{"taxonomy":"category","embeddable":true,"href":"https:\/\/derecho.mdp.edu.ar\/index.php\/wp-json\/wp\/v2\/categories?post=1188"},{"taxonomy":"post_tag","embeddable":true,"href":"https:\/\/derecho.mdp.edu.ar\/index.php\/wp-json\/wp\/v2\/tags?post=1188"}],"curies":[{"name":"wp","href":"https:\/\/api.w.org\/{rel}","templated":true}]}}