{"id":1178,"date":"2021-10-20T09:33:25","date_gmt":"2021-10-20T12:33:25","guid":{"rendered":"https:\/\/www.mdp.edu.ar\/derecho\/derecho2019\/?p=1178"},"modified":"2021-11-09T14:02:32","modified_gmt":"2021-11-09T17:02:32","slug":"xxi-jornadas-nacionales-de-filosofia-y-ciencias-politicas","status":"publish","type":"post","link":"https:\/\/derecho.mdp.edu.ar\/index.php\/2021\/10\/20\/xxi-jornadas-nacionales-de-filosofia-y-ciencias-politicas\/","title":{"rendered":"XXI JORNADAS NACIONALES DE FILOSOF\u00cdA Y CIENCIAS POL\u00cdTICAS"},"content":{"rendered":"<h1>XXI JORNADAS NACIONALES DE FILOSOF\u00cdA Y CIENCIAS POL\u00cdTICAS<\/h1>\n<div><\/div>\n<p><b>Del <\/b><strong><u>10 al 13 de NOVIEMBRE<\/u>, <\/strong><br \/>\nPlataforma ZOOM<br \/>\nID de reuni\u00f3n: 814 2487 0789<br \/>\nC\u00f3digo de acceso: Seminario<br \/>\nLink <a href=\"https:\/\/us02web.zoom.us\/j\/81424870789?pwd=ZnBpSjJUcy9KVmNvdnowVGRnYzRoUT0 9\">AQU\u00cd<\/a><\/p>\n<h2><strong>CRONOGRAMA<\/strong><\/h2>\n<h2><strong>Mi\u00e9rcoles 10 de noviembre<\/strong><\/h2>\n<p>13.50hs ACTO DE APERTURA \u2013 Homenaje al Dr. Tulio Ortiz. Con la presencia del rector Alfredo Lazzeretti, la decana Mar\u00eda del Carmen Ortega y la directora de Doctorado Ana Mar\u00eda Vernetti.<\/p>\n<p>14.00 HS PANEL<br \/>\nLa Justicia Transicional en Debate: las experiencias en Espa\u00f1a, los Balcanes y Argentina. Dr. Xos\u00e9 Pacho Blanco (Facultad de Cs. Jur\u00eddicas y del Trabajo, Universidad de Vigo, Espa\u00f1a) Dra. Ana Mar\u00eda Jara G\u00f3mez (Profesora de Filosof\u00eda del Derecho, Universidad de Ja\u00e9n, Espa\u00f1a) Dr. Pablo Slavin (Facultad de Derecho, UNMDP, Argentina)<br \/>\nCOORDINA: Ab. Luc\u00eda Escalante (Facultad de Derecho, UNMDP)<\/p>\n<p>16 HS PANEL<br \/>\nLos Desaf\u00edos de la Educaci\u00f3n en tiempos de Pandemia. Esp. Mar\u00eda Julia Amilcar (Facultad de Derecho, UNMDP) Esp. Juan Jos\u00e9 Escujuri (Facultad de Derecho\/Facultad de Humanidades, UNMDP) Mg. Leonardo Palacios (Facultad de Derecho UNMDP y UAA) Dra. Juliana Tumini (Facultad de Derecho, UNMDP)<br \/>\nCOORDINA: Ab. Luc\u00eda Mart\u00ednez (Facultad de Derecho, UNMDP)<\/p>\n<h2><strong>Jueves 11 de noviembre<\/strong><\/h2>\n<p>9.00 a 11.00 HS: Aportes del personal universitario de la UNMDP para pensar la Universidad. Presentaci\u00f3n a cargo de Docentes y estudiantes de la Tecnicatura en Gesti\u00f3n Universitaria, FCEyS UNMdP. Coordinaci\u00f3n Mg. Daniel Baino y Mg. Alfonsina Guardia.<\/p>\n<div><\/div>\n<div>14 HS CONFERENCIA<br \/>\nLa ciudad y su proyecci\u00f3n internacional: el caso argentino. Presentaci\u00f3n a cargo de la Dra. Mariana Calvento (Investigadora Adjunta del CONICET; Integrante del Consejo Directivo del CEIPIL \u2013UNICEN\/CIC-)<\/div>\n<div><\/div>\n<div>16hs a 18hs PONENCIAS en COMISI\u00d3N<br \/>\nCOORDINAN: Hugo Constancio, Dafne Segovia y Juan Santos Lazcano (UNMDP)<\/div>\n<div>-Lic. Francisco L\u00f3pez Corral (UNS) La superioridad moral del capitalismo seg\u00fan Brennan. \u00bfUna lectura cr\u00edtica de Why not Capitalism?<br \/>\n-Mg. Mar\u00eda Lis Rolandi y Lic. Andr\u00e9s Mart\u00edn Vega (UNICEN) Lo ind\u00edgena como clase interactiva en el derecho internacional. Efectos de la emergencia ind\u00edgena en el Convenio N\u00ba 169 de la OIT.<br \/>\n-Ab. Juan Carlos Wlasic y Ab. Federico Adler (UNMDP) El Derecho a la Educaci\u00f3n de los pueblos ind\u00edgenas en el \u00e1mbito internacional y nacional.<br \/>\n-Dr. Humberto Molina, Malena G\u00f3mez y Hugo Sebasti\u00e1n Vergara Pedraza (Universidad Nacional de La Rioja) An\u00e1lisis jurisprudencial desde la perspectiva del Derecho Pol\u00edtico.<br \/>\n-Dr. Humberto Molina y Ab. Norma In\u00e9s Duran (UNC) Paridad de g\u00e9nero, representaci\u00f3n pol\u00edtica y nueva ciudadan\u00eda.<br \/>\n-Mg. Juan Facundo Carcedo (CEIPIL-UNICEN) Un abordaje sobre la facultad de las provincias argentinas de celebrar convenios internacionales.<br \/>\n-Abs. Dafne Segovia y Hugo Constancio (UNMDP) Rol del Jefe de Gabinete. Historia, actualidad y futuro.<\/p>\n<div>18.30 HS PANEL<br \/>\nDemocracia y Sistemas electorales. Prof. Ricardo del Barco (Facultad de Derecho, UNC) Dr. Oscar Blando (Facultad de Derecho, UNR) Dra. Ver\u00f3nica Santiago (Facultad de Derecho, UNMDP)<\/div>\n<div>COORDINA: Ab. Sof\u00eda Gim\u00e9nez Iraola (Facultad de Derecho, UNMDP<\/div>\n<div><\/div>\n<h2><strong>Viernes 12 de noviembre<\/strong><\/h2>\n<div><\/div>\n<div>9hs a 12hs PONENCIAS en COMISI\u00d3N<br \/>\nCOORDINAN: Marcela Iraola, Luisina L\u00f3pez Marcos y Florencia Gim\u00e9nez Iraola -Abril Sgrazzutti (UNMDP) Relevamiento y sistematizaci\u00f3n de los datos obtenidos sobre el funcionamiento de las medidas de abrigo en el Departamento Judicial de Mar del Plata.<br \/>\n-Eugenia Cecilia Rodr\u00edguez Villanustre (UNMDP) R\u00e9gimen Patrimonial de las Uniones Convivenciales: los pactos como forma de administraci\u00f3n del hogar familiar.<br \/>\n-Marcela V. Iraola (UNMDP) Derecho a la Identidad: obtenci\u00f3n del primer DNI como instrumento esencial para operativizar todos los dem\u00e1s derechos en el marco del Derecho a la Ciudad.<br \/>\n-Luciano Stanzione (UNMDP) Realidad Pr\u00e1ctica y Tendencia Judicial en Incidentes A\u00e9reos<\/div>\n<div>-Carolina Y. Andrada-Zurita (UNS) \u00bfPuede el perd\u00f3n ser utilizado como una herramienta pol\u00edtica? El caso Sud\u00e1frica en perspectiva maquiaveliana.<br \/>\n-Luisina L\u00f3pez Marcos (UNMDP) Breve an\u00e1lisis de las pol\u00edticas de vivienda en contextos autoritarios: Argentina y Espa\u00f1a.<br \/>\n-Candela L\u00f3pez Balbuena (UNMDP) La necesidad de una convenci\u00f3n para garantizar derechos a las personas en pobreza y en situaci\u00f3n de calle.<br \/>\n-Sof\u00eda Gim\u00e9nez Iraola y Florencia Gim\u00e9nez Iraola (UNMDP) Residuos Urbanos: la desigualdad en la periferia.<br \/>\n-Mg. Emilio Manuel Alderete Avalos (UBA) Una vertiente olvidada de la Modernidad: Los radicales filos\u00f3ficos.<br \/>\n-Ab. Marisol Palacios Cepeda (Colombia) La geometr\u00eda de la asignaci\u00f3n del reproche penal en una nueva ecuaci\u00f3n epist\u00e9mica del derecho<\/div>\n<div><\/div>\n<div>14 HS PANEL<br \/>\nPatrimonio cultural, pol\u00edticas p\u00fablicas y derecho a la ciudad. Reflexiones desde Espa\u00f1a, Paraguay y Argentina.<br \/>\nArq. Mg. Natalia Antola Guggiari (Profesora de la Universidad Cat\u00f3lica de Asunci\u00f3n y Exdirectora General de Patrimonio Cultural, Paraguay)<br \/>\nDra. Rosa Mar\u00eda Ricoy Casas (Profesora del \u00c1rea de Ciencia Pol\u00edtica y de la Administraci\u00f3n, Universidad de Vigo, Espa\u00f1a)<br \/>\nArq. Mg. Mariana Yeannes (Coordinadora de accesibilidad CAPBA 9, Argentina)<\/div>\n<div>\n<p>COORDINA: Arq. Dra. Estefan\u00eda Slavin (FAUD, UNMDP-CONICET)<\/p>\n<p>16hs a 18hs PONENCIAS en COMISI\u00d3N<br \/>\nCOORDINAN: Hugo Constancio, Axel Roman y Violeta Guti\u00e9rrez (UNMDP)<br \/>\n-Agustina Moller Poulsen (UNS) El proceso de construcci\u00f3n identitaria de las disidencias sexogen\u00e9ricas en los Encuentros plurinacionales de mujeres, lesbianas, travestis, trans, bisexuales, intersexuales y no-binaries (2009- 2021): un an\u00e1lisis desde las teor\u00edas antiesencialistas.<br \/>\n-Lic. Mg. Melisa Centuri\u00f3n (CAECE) El factor Dios y la cuesti\u00f3n de g\u00e9nero: feminismo hind\u00fa e isl\u00e1mico.<br \/>\n-Ab. Mar\u00eda Isabel Cabarcas Aguilar (Colombia) El Derecho a la Veracidad Cultural. Riesgos y amenazas por la tergiversaci\u00f3n y el desconocimiento de las tradiciones, representaciones sociales, relaciones cosmog\u00f3nicas y figuras m\u00edticas de la etnia wayuu en las industrias del entretenimiento y el turismo.<br \/>\n-Ab. Malka Manestar (UNLa. Jujuy) Campo Verde, Jujuy &#8211; 2021: De la resoluci\u00f3n represiva de los conflictos y la criminalizaci\u00f3n de la protesta vecinal.<br \/>\n-Prof. Ab. Daniel Alejandro Lanza (UNMDP) La situaci\u00f3n de los trabajadores en Argentina.<br \/>\n-Diana Paula Fuhr (UNS) El complejo metaf\u00f3rico de la Introducci\u00f3n del Leviat\u00e1n.<\/p>\n<p>18 HS PANEL<br \/>\nPol\u00edtica Criminal, criminalidad del poder y derechos humanos Mg. Alberto Barbuto (Integrante de la Procuradur\u00eda de Criminalidad Econ\u00f3mica y Lavado de Activos (PROCELAC) del Ministerio P\u00fablico Fiscal de la Naci\u00f3n.<br \/>\nMg. Gabriel Bombini (Juez de Garant\u00edas; Facultad de Derecho, UNMDP)<br \/>\nDr. Diego Zysman (Facultad de Derecho, UBA; Director de Nummus Instituto de Estudios sobre delitos econ\u00f3micos y de cuello blanco)<br \/>\nCOORDINA: Felicitas Vespa (UNMDP)<\/p>\n<\/div>\n<\/div>\n","protected":false},"excerpt":{"rendered":"<p>Las jornadas se realizar\u00e1n de forma virtual del 10 al 13 de noviembre. La recepci\u00f3n de ponencias ser\u00e1 hasta el 28 de octubre v\u00eda mail xxijornadasfycp@gmail.com.  <\/p>\n","protected":false},"author":1,"featured_media":1180,"comment_status":"open","ping_status":"open","sticky":false,"template":"","format":"standard","meta":[],"categories":[2,12],"tags":[],"_links":{"self":[{"href":"https:\/\/derecho.mdp.edu.ar\/index.php\/wp-json\/wp\/v2\/posts\/1178"}],"collection":[{"href":"https:\/\/derecho.mdp.edu.ar\/index.php\/wp-json\/wp\/v2\/posts"}],"about":[{"href":"https:\/\/derecho.mdp.edu.ar\/index.php\/wp-json\/wp\/v2\/types\/post"}],"author":[{"embeddable":true,"href":"https:\/\/derecho.mdp.edu.ar\/index.php\/wp-json\/wp\/v2\/users\/1"}],"replies":[{"embeddable":true,"href":"https:\/\/derecho.mdp.edu.ar\/index.php\/wp-json\/wp\/v2\/comments?post=1178"}],"version-history":[{"count":10,"href":"https:\/\/derecho.mdp.edu.ar\/index.php\/wp-json\/wp\/v2\/posts\/1178\/revisions"}],"predecessor-version":[{"id":1197,"href":"https:\/\/derecho.mdp.edu.ar\/index.php\/wp-json\/wp\/v2\/posts\/1178\/revisions\/1197"}],"wp:featuredmedia":[{"embeddable":true,"href":"https:\/\/derecho.mdp.edu.ar\/index.php\/wp-json\/wp\/v2\/media\/1180"}],"wp:attachment":[{"href":"https:\/\/derecho.mdp.edu.ar\/index.php\/wp-json\/wp\/v2\/media?parent=1178"}],"wp:term":[{"taxonomy":"category","embeddable":true,"href":"https:\/\/derecho.mdp.edu.ar\/index.php\/wp-json\/wp\/v2\/categories?post=1178"},{"taxonomy":"post_tag","embeddable":true,"href":"https:\/\/derecho.mdp.edu.ar\/index.php\/wp-json\/wp\/v2\/tags?post=1178"}],"curies":[{"name":"wp","href":"https:\/\/api.w.org\/{rel}","templated":true}]}}