{"id":1136,"date":"2021-09-22T17:47:05","date_gmt":"2021-09-22T20:47:05","guid":{"rendered":"https:\/\/www.mdp.edu.ar\/derecho\/derecho2019\/?p=1136"},"modified":"2021-09-22T17:47:05","modified_gmt":"2021-09-22T20:47:05","slug":"seminario-de-trabajo-y-derechos-humanos","status":"publish","type":"post","link":"https:\/\/derecho.mdp.edu.ar\/index.php\/2021\/09\/22\/seminario-de-trabajo-y-derechos-humanos\/","title":{"rendered":"Seminario de \u201cTrabajo y Derechos Humanos\u201d"},"content":{"rendered":"<p><strong><u>Se lanza la primera edici\u00f3n del Seminario de \u201cTrabajo y Derechos Humanos\u201d, que contar\u00e1 con la participaci\u00f3n de Estela de Carlotto<\/u><\/strong><\/p>\n<p>A partir del pr\u00f3ximo mi\u00e9rcoles 22 de septiembre se realizar\u00e1 la primera edici\u00f3n del Seminario de \u201cTrabajo y Derechos Humanos\u201d, organizado en forma conjunta por el Sindicato Empleados de Comercio Mar del Plata y Zona Atl\u00e1ntica, la Universidad Popular de los\/as trabajadores\/as (UPT), la Asociaci\u00f3n de Abuelas de Plaza de Mayo filial Mar del Plata, y el Centro de Investigaci\u00f3n y Docencia en Derechos Humanos Dra. Alicia Moreau (Facultad de Derecho\/CIC).<\/p>\n<p>El Seminario se realizar\u00e1 en tres jornadas, los d\u00edas mi\u00e9rcoles 22, jueves 23 y viernes 24 de septiembre a partir de las 18 horas. El Acto de apertura, el d\u00eda mi\u00e9rcoles a las 18hs,contar\u00e1 con la presencia del director de la UPT Dr. Pablo Slavin, el rector de la UNMdPCdor. Alfredo Lazzeretti, la presidenta de Abuelas de Plaza de Mayo filial Mar del Plata Ledda Barreiro y el secretario general del Secza Guillermo Bianchi.<\/p>\n<p>El Seminario contar\u00e1 con la participaci\u00f3n de la Dra. en Servicio Social Mar\u00eda Eugenia Hermida, la Dra. en Derecho Juliana Tumini (Vice Directora de la UPT), Manuel Goncalves Granada nieto restituido, secretario ejecutivo de CoNaDi, la Lic. en Psicolog\u00eda Paola Buzzella y la abogada Cecilia Ver\u00f3nica Rodr\u00edguez, entre otras destacadas personalidades.<\/p>\n<p>El Acto de clausura, que se llevar\u00e1 a cabo el viernes 24, contar\u00e1 con las palabras de la presidenta de la Asociaci\u00f3n Abuelas de Plaza de Mayo, Estela de Carlotto,junto a la inauguraci\u00f3n de un cuadro del artista Marcos Severi conmemorativo de la incansable lucha de abuelas de plaza de mayo en busca de \u2018<em>memoria, verdad y justicia\u2019<\/em>.<\/p>\n<p>Al respecto, el director de UPT, Dr. Pablo Slavin explic\u00f3 que: \u201cEl seminario busca, entre otras cosas,conocerel modelo pol\u00edtico econ\u00f3mico implementado por la \u00faltima dictadura c\u00edvico-militar, para entender la situaci\u00f3n de crisis actual en el mundo del trabajo. Para ello es fundamental analizarel proceso econ\u00f3mico neoliberal llevado adelante en esos tristes a\u00f1os de nuestra historia reciente, que marca el inicio de una crisis que a\u00fan hoy nos sigue golpeando como sociedad en su conjunto, pero que es especialmente sufrido por los\/as trabajadores\/as, quienes vieron cercenados derechos y conquistas que durante d\u00e9cadas de lucha se hab\u00edan logrado en el movimiento obrero.\u201d<\/p>\n<p>Por su parte, la referente de abuelas de plaza de mayo filial Mar del Plata, Ledda Barreiro, expres\u00f3 que: \u201cEste tipo de instancias son necesarias para poder formar a los militantes de organizaciones sindicales en la necesidad de entender que la democracia se defiende todos los d\u00edas, que cientos de sindicatos fueron intervenidos durante la \u00faltima dictadura c\u00edvico-militar, que los delegados eran muchas veces perseguidos, secuestrados y desaparecidos por el solo hecho de defender a sus compa\u00f1eros\/as. No puedo dejar de decir que seguimos buscando cientos de nietos nacidos en cautiverio que fueron despojados de su identidad, hoy la situaci\u00f3n se profundiza a\u00fanm\u00e1s, ya que existe otra generaci\u00f3n de personas que han nacido y son hijos\/as de padres y madres que no saben la verdadera historia de sus vidas.\u201d<\/p>\n<p>A su vez el secretario general del Sindicato Empleados de Comercio Mar del Plata y Zona Atl\u00e1ntica,Guillermo Bianchi,agrego: \u201cNos complace ser anfitriones de una instancia tan enriquecedora, nuestro compromiso con el estudio y la formaci\u00f3n de cientos de compa\u00f1eros\/as debe ser contundente. No debemos estudiar a la \u00faltima dictadura c\u00edvico-militar como un fen\u00f3meno hist\u00f3rico, no ser\u00e1 este el esp\u00edritu del Seminario; tenemos la firme idea que esto nos debe interpelar para analizar las consecuencias que hoy vivimos en el mundo del trabajo, en los derechos laborales y en nuestras organizaciones gremiales producto de estos a\u00f1os tan oscuros. Pensar que para muchos delegados\/as j\u00f3venes que han nacido en democracia, que defienden diariamente a sus compa\u00f1eros\/as en sus lugares de trabajo, esta misma actividad gremial en otra \u00e9poca pod\u00eda ser producto de persecuci\u00f3n, tortura y desaparici\u00f3n nos hace pensar en la necesidad de fortalecer a trav\u00e9s de este tipo de instancias la formaci\u00f3n de una memoria activa para la acci\u00f3n pol\u00edtica y gremial que realizamos.\u201d<\/p>\n<p>Para finalizar, desde la Organizaci\u00f3n del Seminario explicaron que esta es la primera edici\u00f3n de una instancia que pretende ser de car\u00e1cter permanente. La inscripci\u00f3n seguir\u00e1 abierta hasta el pr\u00f3ximo mi\u00e9rcoles 22, d\u00eda del inicio del primer panel y ser\u00e1 totalmente gratuito para los\/as trabajadores mercantiles y el p\u00fablico en general. Se entregar\u00e1n certificados de participaci\u00f3n a quienes se hayan inscripto.<\/p>\n","protected":false},"excerpt":{"rendered":"<p>Primera edici\u00f3n del Seminario de \u201cTrabajo y Derechos Humanos\u201d, organizado en forma conjunta por el Sindicato Empleados de Comercio Mar del Plata y Zona Atl\u00e1ntica, la Universidad Popular de los\/as trabajadores\/as (UPT), la Asociaci\u00f3n de Abuelas de Plaza de Mayo filial Mar del Plata, y el Centro de Investigaci\u00f3n y Docencia en Derechos Humanos Dra. Alicia Moreau (Facultad de Derecho\/CIC).<\/p>\n","protected":false},"author":1,"featured_media":1137,"comment_status":"open","ping_status":"open","sticky":false,"template":"","format":"standard","meta":[],"categories":[2,12],"tags":[],"_links":{"self":[{"href":"https:\/\/derecho.mdp.edu.ar\/index.php\/wp-json\/wp\/v2\/posts\/1136"}],"collection":[{"href":"https:\/\/derecho.mdp.edu.ar\/index.php\/wp-json\/wp\/v2\/posts"}],"about":[{"href":"https:\/\/derecho.mdp.edu.ar\/index.php\/wp-json\/wp\/v2\/types\/post"}],"author":[{"embeddable":true,"href":"https:\/\/derecho.mdp.edu.ar\/index.php\/wp-json\/wp\/v2\/users\/1"}],"replies":[{"embeddable":true,"href":"https:\/\/derecho.mdp.edu.ar\/index.php\/wp-json\/wp\/v2\/comments?post=1136"}],"version-history":[{"count":1,"href":"https:\/\/derecho.mdp.edu.ar\/index.php\/wp-json\/wp\/v2\/posts\/1136\/revisions"}],"predecessor-version":[{"id":1138,"href":"https:\/\/derecho.mdp.edu.ar\/index.php\/wp-json\/wp\/v2\/posts\/1136\/revisions\/1138"}],"wp:featuredmedia":[{"embeddable":true,"href":"https:\/\/derecho.mdp.edu.ar\/index.php\/wp-json\/wp\/v2\/media\/1137"}],"wp:attachment":[{"href":"https:\/\/derecho.mdp.edu.ar\/index.php\/wp-json\/wp\/v2\/media?parent=1136"}],"wp:term":[{"taxonomy":"category","embeddable":true,"href":"https:\/\/derecho.mdp.edu.ar\/index.php\/wp-json\/wp\/v2\/categories?post=1136"},{"taxonomy":"post_tag","embeddable":true,"href":"https:\/\/derecho.mdp.edu.ar\/index.php\/wp-json\/wp\/v2\/tags?post=1136"}],"curies":[{"name":"wp","href":"https:\/\/api.w.org\/{rel}","templated":true}]}}