{"id":1128,"date":"2021-08-30T11:31:06","date_gmt":"2021-08-30T14:31:06","guid":{"rendered":"https:\/\/www.mdp.edu.ar\/derecho\/derecho2019\/?p=1128"},"modified":"2021-08-30T11:31:06","modified_gmt":"2021-08-30T14:31:06","slug":"curso-de-posgrado-la-tecnologia-y-su-incidencia-en-el-derecho-del-trabajo","status":"publish","type":"post","link":"https:\/\/derecho.mdp.edu.ar\/index.php\/2021\/08\/30\/curso-de-posgrado-la-tecnologia-y-su-incidencia-en-el-derecho-del-trabajo\/","title":{"rendered":"Curso de Posgrado: &#8220;La Tecnolog\u00eda y su incidencia en el Derecho del Trabajo\u201d"},"content":{"rendered":"<h1><strong>LA TECNOLOGIA Y SU INCIDENCIA EN EL DERECHO DEL TRABAJO\u201d<\/strong><\/h1>\n<p>FECHAS y MODALIDAD: desde el 29 de septiembre al 15 de diciembre los d\u00edas <strong>mi\u00e9rcoles<\/strong> en el horario de <strong>18.00 hs a 20.00 hs<\/strong>. por plataforma ZOOM. (a excepci\u00f3n del mi\u00e9rcoles 08\/12\/21 que por ser feriado la clase ser\u00e1 el 09\/12\/21).<\/p>\n<h5><u>PROGRAMA TEMATICO<\/u><\/h5>\n<ol>\n<li>(29\/09) Esteban Carcavallo &#8211; Tecnolog\u00edas, formaci\u00f3n y trabajo.<\/li>\n<li>(06\/10) Rosal\u00eda Romero &#8211; Valoraci\u00f3n de la prueba electr\u00f3nica.<\/li>\n<li>(13\/10) Alejandro Sudera- Los cambios necesarios que se deber\u00edan venir en el procedimiento laboral.<\/li>\n<li>(20\/10) Juan Roldan &#8211; Los cambios en la inspecci\u00f3n del trabajo aparejados por la tecnolog\u00eda.<\/li>\n<li>(27\/10) Stella Maris Vulcano &#8211; Audiencias conciliatorias remotas.<\/li>\n<li>(03\/11) Pablo Topet \u2013 Sindicatos en libertad sindical y nuevas tecnolog\u00edas.<\/li>\n<li>(10\/11) Gast\u00f3n L\u00f3pez Argonz &#8211; la recualificaci\u00f3n de los empleados judiciales a la luz de la implementaci\u00f3n de tecnolog\u00edas.<\/li>\n<li>(17\/11) Manuel Monsalvo &#8211; Empleados de plataforma.<\/li>\n<li>(24\/11) Diego Tula \u2013 El Desarrollo del proceso en el \u00e1mbito de la provincia de Buenos Aires.<\/li>\n<li>(01\/12) Liliana Rodr\u00edguez Fern\u00e1ndez- Perspectivas para el procedimiento laboral.<\/li>\n<li>(09\/12) Ana C. Alfie \u2013 El abordaje del teletrabajo desde la perspectiva de g\u00e9nero.<\/li>\n<li>(15\/12) Ivan G. Lupinacci &#8211; El teletrabajo, la importancia de su implementaci\u00f3n en al \u00e1mbito privado y en el p\u00fablico.<\/li>\n<\/ol>\n<p><strong><u>CUERPO DOCENTE:<\/u><\/strong><\/p>\n<p><strong><u>ESP. ESTEBAN CARCAVALLO<\/u><\/strong><strong>: <\/strong>Abogado. Especialista en Asesoramiento de Empresas.<\/p>\n<p><strong><u>ESP. ROSALIA ROMERO<\/u><\/strong><strong>: <\/strong>Abogada. Especialista en Derecho Laboral, Jueza nacional del trabajo.<\/p>\n<p><strong><u>MAG. MANUEL MONSALVO:<\/u><\/strong> Abogado. Mag\u00edster en Pol\u00edticas del Trabajo y Relaciones Laborales.<\/p>\n<p><strong><u>MAG. GASTON LOPEZ ARGONZ:<\/u><\/strong> Abogado. Mag\u00edster en Derecho del Trabajo y Relaciones Laborales. Relator de la C\u00e1mara Nacional de Apelaciones del Trabajo. Docente UBA.<\/p>\n<p><strong><u> DIEGO TULA<\/u><\/strong><strong>: <\/strong>Abogado. Juez del Trabajo. Mag\u00edster en Derecho del Trabajo y Relaciones Laborales Internacionales. Doctor en Ciencias Jur\u00eddica. Docente UBA y UCASAL.<\/p>\n<p><strong><u>MAG. JUAN ROLDAN<\/u><\/strong><strong>: <\/strong>Abogado. Lic. en Relaciones del Trabajo. Especializaci\u00f3n en Gerenciamiento por Resultados y Control de Gesti\u00f3n. Mag\u00edster en Derecho del Trabajo. Docente UNLaM y UBA.<\/p>\n<p><strong><u> ANA CLARA ALFIE<\/u><\/strong><strong>: <\/strong>Abogada. Especializaci\u00f3n en Relaciones Laborales.<\/p>\n<p><strong><u>ESP.LILIANA RODR\u00cdGUEZ FERN\u00c1NDEZ:<\/u><\/strong> Abogada. Juez de Primera Instancia del Trabajo. Especialista en Derecho del Trabajo. Docente UBA.<\/p>\n<p><strong><u>ESP. ALEJANDRO SUDERA:<\/u><\/strong> \u00a0Abogado. Juez Nacional de Primera Instancia del Trabajo. Especialista en Derecho Laboral. Docente UBA.<\/p>\n<p><strong><u>Esp. STELLA MARIS VULCANO:<\/u><\/strong> Abogada. Especialista en Derecho del Trabajo. Juez de primera instancia (Justicia Nacional del Trabajo.<\/p>\n<p><strong><u>Esp. PABLO A. TOPET:<\/u><\/strong> Abogado. Especialista en Derecho del Trabajo. Docente UBA.<\/p>\n<p><strong><u>Mag. IVAN G. LUPINACCI<\/u><\/strong><strong>: <\/strong>Abogado. Mag\u00edster en Derecho Laboral. Miembro de la Justicia Nacional del Trabajo. Docente UBA.<\/p>\n<p><strong><u>TOTAL DE HORAS:<\/u><\/strong><\/p>\n<p>24 horas te\u00f3ricas, Otorga 2 UVACs<\/p>\n<p><a href=\"https:\/\/docs.google.com\/forms\/d\/e\/1FAIpQLSeJtOlyFc9q1TVVOr3_yelmLH9BUsvNg-Ytnhtj8vASsl2v-w\/viewform?usp=sf_link\"><strong><u>CONSULTAS E INSCRIPCI\u00d3N<\/u><\/strong><\/a><\/p>\n<p>DOCENTES FACULTAD DE DERECHO UNMDP 20% DE DESCUENTO, GRADUADOS FACULTAD DE DERECHO UNMDP 10% DE DESCUENTO.<\/p>\n","protected":false},"excerpt":{"rendered":"<p>Nuevo Curso de Posgrado en materia de tecnolog\u00eda en el fuero de trabajo. Duraci\u00f3n desde el 29 de septiembre al 15 de diciembre.<\/p>\n","protected":false},"author":1,"featured_media":1028,"comment_status":"open","ping_status":"open","sticky":false,"template":"","format":"standard","meta":[],"categories":[3,2],"tags":[],"_links":{"self":[{"href":"https:\/\/derecho.mdp.edu.ar\/index.php\/wp-json\/wp\/v2\/posts\/1128"}],"collection":[{"href":"https:\/\/derecho.mdp.edu.ar\/index.php\/wp-json\/wp\/v2\/posts"}],"about":[{"href":"https:\/\/derecho.mdp.edu.ar\/index.php\/wp-json\/wp\/v2\/types\/post"}],"author":[{"embeddable":true,"href":"https:\/\/derecho.mdp.edu.ar\/index.php\/wp-json\/wp\/v2\/users\/1"}],"replies":[{"embeddable":true,"href":"https:\/\/derecho.mdp.edu.ar\/index.php\/wp-json\/wp\/v2\/comments?post=1128"}],"version-history":[{"count":1,"href":"https:\/\/derecho.mdp.edu.ar\/index.php\/wp-json\/wp\/v2\/posts\/1128\/revisions"}],"predecessor-version":[{"id":1129,"href":"https:\/\/derecho.mdp.edu.ar\/index.php\/wp-json\/wp\/v2\/posts\/1128\/revisions\/1129"}],"wp:featuredmedia":[{"embeddable":true,"href":"https:\/\/derecho.mdp.edu.ar\/index.php\/wp-json\/wp\/v2\/media\/1028"}],"wp:attachment":[{"href":"https:\/\/derecho.mdp.edu.ar\/index.php\/wp-json\/wp\/v2\/media?parent=1128"}],"wp:term":[{"taxonomy":"category","embeddable":true,"href":"https:\/\/derecho.mdp.edu.ar\/index.php\/wp-json\/wp\/v2\/categories?post=1128"},{"taxonomy":"post_tag","embeddable":true,"href":"https:\/\/derecho.mdp.edu.ar\/index.php\/wp-json\/wp\/v2\/tags?post=1128"}],"curies":[{"name":"wp","href":"https:\/\/api.w.org\/{rel}","templated":true}]}}