{"id":1032,"date":"2021-07-22T14:09:22","date_gmt":"2021-07-22T17:09:22","guid":{"rendered":"https:\/\/www.mdp.edu.ar\/derecho\/derecho2019\/?p=1032"},"modified":"2021-07-22T20:41:47","modified_gmt":"2021-07-22T23:41:47","slug":"la-facultad-de-derecho-unmdp-avanza-en-importantes-reformas-del-edificio","status":"publish","type":"post","link":"https:\/\/derecho.mdp.edu.ar\/index.php\/2021\/07\/22\/la-facultad-de-derecho-unmdp-avanza-en-importantes-reformas-del-edificio\/","title":{"rendered":"La Facultad avanza en importantes reformas del edificio"},"content":{"rendered":"<h1>La Facultad avanza en importantes reformas del edificio<\/h1>\n<p><em>La unidad acad\u00e9mica ubicada en 25 de mayo al 2800 trabaja en la redistribuci\u00f3n de espacios destinados a estudiantes, la ampliaci\u00f3n del primer piso, la incorporaci\u00f3n de nuevas aulas y la renovaci\u00f3n de todos los ba\u00f1os.<\/em><\/p>\n<p>Se trata de un significativo proyecto de remodelaci\u00f3n que la Facultad de Derecho de la UNMDP tiene previsto desde hace tiempo y, aprovechando la reducci\u00f3n de circulaci\u00f3n en el edificio, encuentra el momento propicio para llevarlo a cabo.<\/p>\n<p>Actualmente, trabajan en la puesta en valor de todos los ba\u00f1os: grifer\u00eda, mobiliaria, cielorrasos, luminaria, pintura y aberturas; como tambi\u00e9n en la redistribuci\u00f3n de espacios comunes en planta baja, la incorporaci\u00f3n de un nuevo ba\u00f1o para personas con discapacidad y la ambiciosa tarea de ampliar y concentrar en el primer piso la totalidad de las oficinas administrativas.<\/p>\n<p>\u201cEstamos utilizando una construcci\u00f3n novedosa a base de hierro de IPN y perfiles C galvanizados para extender el primer nivel del establecimiento hacia los laterales, donde actualmente se encuentran el Decanato y el Consejo Acad\u00e9mico. All\u00ed se trasladar\u00e1n todas las \u00e1reas administrativas para liberar espacio en el resto del edificio y ganar ambientes destinados a actividades acad\u00e9micas\u201d, se\u00f1al\u00f3 la secretaria de coordinaci\u00f3n de Derecho Esp. Adriana Arias.<\/p>\n<p>De este modo, el establecimiento contar\u00e1 con dos aulas m\u00e1s en el octavo piso, donde prev\u00e9n incorporar tecnolog\u00eda y mobiliaria desmontable para realizar diferentes actividades pr\u00e1cticas, como simulacros de juicios y debates.<\/p>\n<p>Por \u00faltimo, se puede visualizar en el paso por calle 25 de mayo la refacci\u00f3n total de la vereda y la reparaci\u00f3n de todas las puertas y ventanas; tarea imprescindible para la adecuada ventilaci\u00f3n en un futuro retorno a la presencialidad.<\/p>\n<p>\u201cEstamos ansiosos de concluir con todas estas obras y que toda la comunidad universitaria pueda aprovecharlas muy pronto\u201d, finaliz\u00f3 la Esp. Arias.<\/p>\n<div style=\"width: 525px;\" class=\"wp-video\"><!--[if lt IE 9]><script>document.createElement('video');<\/script><![endif]-->\n<video class=\"wp-video-shortcode\" id=\"video-1032-1\" width=\"525\" height=\"295\" preload=\"metadata\" controls=\"controls\"><source type=\"video\/mp4\" src=\"http:\/\/www.mdp.edu.ar\/derecho\/derecho2019\/wp-content\/uploads\/IMG_9724.mp4?_=1\" \/><a href=\"http:\/\/www.mdp.edu.ar\/derecho\/derecho2019\/wp-content\/uploads\/IMG_9724.mp4\">http:\/\/www.mdp.edu.ar\/derecho\/derecho2019\/wp-content\/uploads\/IMG_9724.mp4<\/a><\/video><\/div>\n<p>&nbsp;<\/p>\n<p>&nbsp;<\/p>\n","protected":false},"excerpt":{"rendered":"<p>La unidad acad\u00e9mica trabaja en la redistribuci\u00f3n de espacios destinados a estudiantes, la ampliaci\u00f3n del primer piso, la incorporaci\u00f3n de nuevas aulas y la renovaci\u00f3n de todos los ba\u00f1os.<\/p>\n","protected":false},"author":1,"featured_media":1034,"comment_status":"open","ping_status":"open","sticky":false,"template":"","format":"standard","meta":[],"categories":[2],"tags":[],"_links":{"self":[{"href":"https:\/\/derecho.mdp.edu.ar\/index.php\/wp-json\/wp\/v2\/posts\/1032"}],"collection":[{"href":"https:\/\/derecho.mdp.edu.ar\/index.php\/wp-json\/wp\/v2\/posts"}],"about":[{"href":"https:\/\/derecho.mdp.edu.ar\/index.php\/wp-json\/wp\/v2\/types\/post"}],"author":[{"embeddable":true,"href":"https:\/\/derecho.mdp.edu.ar\/index.php\/wp-json\/wp\/v2\/users\/1"}],"replies":[{"embeddable":true,"href":"https:\/\/derecho.mdp.edu.ar\/index.php\/wp-json\/wp\/v2\/comments?post=1032"}],"version-history":[{"count":3,"href":"https:\/\/derecho.mdp.edu.ar\/index.php\/wp-json\/wp\/v2\/posts\/1032\/revisions"}],"predecessor-version":[{"id":1037,"href":"https:\/\/derecho.mdp.edu.ar\/index.php\/wp-json\/wp\/v2\/posts\/1032\/revisions\/1037"}],"wp:featuredmedia":[{"embeddable":true,"href":"https:\/\/derecho.mdp.edu.ar\/index.php\/wp-json\/wp\/v2\/media\/1034"}],"wp:attachment":[{"href":"https:\/\/derecho.mdp.edu.ar\/index.php\/wp-json\/wp\/v2\/media?parent=1032"}],"wp:term":[{"taxonomy":"category","embeddable":true,"href":"https:\/\/derecho.mdp.edu.ar\/index.php\/wp-json\/wp\/v2\/categories?post=1032"},{"taxonomy":"post_tag","embeddable":true,"href":"https:\/\/derecho.mdp.edu.ar\/index.php\/wp-json\/wp\/v2\/tags?post=1032"}],"curies":[{"name":"wp","href":"https:\/\/api.w.org\/{rel}","templated":true}]}}