{"id":1027,"date":"2021-07-14T11:33:19","date_gmt":"2021-07-14T14:33:19","guid":{"rendered":"https:\/\/www.mdp.edu.ar\/derecho\/derecho2019\/?p=1027"},"modified":"2021-07-14T11:33:19","modified_gmt":"2021-07-14T14:33:19","slug":"presentacion-de-nuevos-proyectos-de-investigacion-2022-2023","status":"publish","type":"post","link":"https:\/\/derecho.mdp.edu.ar\/index.php\/2021\/07\/14\/presentacion-de-nuevos-proyectos-de-investigacion-2022-2023\/","title":{"rendered":"Presentaci\u00f3n de nuevos Proyectos de Investigaci\u00f3n 2022 &#8211; 2023"},"content":{"rendered":"<h1 style=\"text-align: left;\">Secretar\u00eda de Ciencia y Tecnolog\u00eda &#8211; Universidad Nacional de Mar del Plata<strong><br \/>\n<\/strong><\/h1>\n<h2>Presentaci\u00f3n de nuevos Proyectos de Investigaci\u00f3n 2022 &#8211; 2023<\/h2>\n<p>La Secretar\u00eda de Ciencia y Tecnolog\u00eda convoca a la presentaci\u00f3n de nuevos Proyectos de Investigaci\u00f3n 2022\u2013 2023 seg\u00fan lo dispuesto por la <a href=\"https:\/\/drive.google.com\/file\/d\/1K8oR9TfjHTIzLWIgKhvH4IxL4VWkfjMF\/view?usp=sharing\">Resoluci\u00f3n de Rectorado (Ad refer\u00e9ndum del Consejo Superior) N\u00ba 4763\/21<\/a>.<\/p>\n<p><strong>Se establece el 3 de septiembre de 2021 como fecha de vencimiento para la presentaci\u00f3n, en las Unidades Acad\u00e9micas, de los nuevos Proyectos de Investigaci\u00f3n 2022 &#8211; 2023.<\/strong><\/p>\n<p>La presentaci\u00f3n consta de Formulario y CVar de investigadores formados.<\/p>\n<p>Debido a la situaci\u00f3n de Aislamiento y Distanciamiento Social y teniendo en cuenta todas las medidas protocolizadas, las presentaciones se realizar\u00e1n exclusivamente por mail.<\/p>\n<p>Deber\u00e1n enviarse los archivos (Formulario y CVar de Investigadores formados) en formato PDF por correo electr\u00f3nico a la direcci\u00f3n de correo de las Secretar\u00edas de Investigaci\u00f3n de las respectivas Unidades Acad\u00e9micas o Escuela Superior.<\/p>\n<p>En la Facultad de Derecho , enviar proyecto en pdf completo con los cvs de investigadores incluidos en un solo archivo a <a href=\"mailto:amvernetti@gmail.com\" target=\"_blank\" rel=\"noopener noreferrer\">amvernetti@gmail.com<\/a><\/p>\n<p>Se solicita nombrar el archivo Formulario de la siguiente forma: apellido director- abreviatura de la Unidad Acad\u00e9mica por la que se entrega el proyecto.<\/p>\n<p>&#8211; <a href=\"https:\/\/drive.google.com\/file\/d\/1Hth_u10_sCAdiWjYVPcmNiyTEccOJhHj\/view?usp=sharing\">Formulario de presentaci\u00f3n de nuevo Proyecto de Investigaci\u00f3n 2021 &#8211; 2022<\/a><\/p>\n<p>&#8211; <a href=\"https:\/\/drive.google.com\/file\/d\/14QJQguH31JFcxSVL2edo2BQ121TFbbKg\/view?usp=sharing\">Ordenanza de Consejo Superior N\u00ba 136\/08<\/a>, que norma la presentaci\u00f3n y evaluaci\u00f3n de Proyectos de Investigaci\u00f3n.<\/p>\n<p><strong><u>Presentaci\u00f3n de Informes Finales de proyectos que finalizaron en diciembre de 2020<\/u><\/strong><\/p>\n<p>La Secretar\u00eda de Ciencia y Tecnolog\u00eda informa que la presentaci\u00f3n de los Informes Finales de Proyectos que han finalizado el 31 de diciembre de 2020 se prorroga a agosto 2022, de acuerdo a lo dispuesto por <a href=\"https:\/\/drive.google.com\/file\/d\/1jRQce1LL8VtZNYtpJp9uMjHIAsHNM0-6\/view?usp=sharing\">Resoluci\u00f3n de Rectorado N\u00ba 3764\/20<\/a> ad refer\u00e9ndum del Consejo Superior.<\/p>\n","protected":false},"excerpt":{"rendered":"<p>Hasta el 3 de septiembre de 2020 se convoca a la presentaci\u00f3n de nuevos Proyectos de Investigaci\u00f3n 2022\u2013 2023, seg\u00fan lo dispuesto por la Resoluci\u00f3n de Rectorado (Ad refer\u00e9ndum del Consejo Superior) N\u00ba 4763\/21.<\/p>\n","protected":false},"author":1,"featured_media":1028,"comment_status":"open","ping_status":"open","sticky":false,"template":"","format":"standard","meta":[],"categories":[2,12],"tags":[],"_links":{"self":[{"href":"https:\/\/derecho.mdp.edu.ar\/index.php\/wp-json\/wp\/v2\/posts\/1027"}],"collection":[{"href":"https:\/\/derecho.mdp.edu.ar\/index.php\/wp-json\/wp\/v2\/posts"}],"about":[{"href":"https:\/\/derecho.mdp.edu.ar\/index.php\/wp-json\/wp\/v2\/types\/post"}],"author":[{"embeddable":true,"href":"https:\/\/derecho.mdp.edu.ar\/index.php\/wp-json\/wp\/v2\/users\/1"}],"replies":[{"embeddable":true,"href":"https:\/\/derecho.mdp.edu.ar\/index.php\/wp-json\/wp\/v2\/comments?post=1027"}],"version-history":[{"count":1,"href":"https:\/\/derecho.mdp.edu.ar\/index.php\/wp-json\/wp\/v2\/posts\/1027\/revisions"}],"predecessor-version":[{"id":1029,"href":"https:\/\/derecho.mdp.edu.ar\/index.php\/wp-json\/wp\/v2\/posts\/1027\/revisions\/1029"}],"wp:featuredmedia":[{"embeddable":true,"href":"https:\/\/derecho.mdp.edu.ar\/index.php\/wp-json\/wp\/v2\/media\/1028"}],"wp:attachment":[{"href":"https:\/\/derecho.mdp.edu.ar\/index.php\/wp-json\/wp\/v2\/media?parent=1027"}],"wp:term":[{"taxonomy":"category","embeddable":true,"href":"https:\/\/derecho.mdp.edu.ar\/index.php\/wp-json\/wp\/v2\/categories?post=1027"},{"taxonomy":"post_tag","embeddable":true,"href":"https:\/\/derecho.mdp.edu.ar\/index.php\/wp-json\/wp\/v2\/tags?post=1027"}],"curies":[{"name":"wp","href":"https:\/\/api.w.org\/{rel}","templated":true}]}}