{"id":1023,"date":"2021-07-14T10:47:17","date_gmt":"2021-07-14T13:47:17","guid":{"rendered":"https:\/\/www.mdp.edu.ar\/derecho\/derecho2019\/?p=1023"},"modified":"2021-07-14T10:49:21","modified_gmt":"2021-07-14T13:49:21","slug":"xxv-jornadas-de-investigadores-as-y-becarios-as-en-ciencias-juridicas-y-sociales-dr-luis-pablo-slavin","status":"publish","type":"post","link":"https:\/\/derecho.mdp.edu.ar\/index.php\/2021\/07\/14\/xxv-jornadas-de-investigadores-as-y-becarios-as-en-ciencias-juridicas-y-sociales-dr-luis-pablo-slavin\/","title":{"rendered":"XXV Jornadas de Inv. y Bec. en Cs. Jur. y Soc. &#8220;Dr. Luis Pablo Slavin&#8221;"},"content":{"rendered":"<h1>XXV JORNADAS DE INVESTIGADORES\/AS Y BECARIOS\/AS EN CIENCIAS JURIDICAS Y SOCIALES, DR. LUIS PABLO SLAVIN<\/h1>\n<p>26, 27 y 28 de agosto de 2021<\/p>\n<h2>Temario:<\/h2>\n<p>1- Derecho P\u00fablico: Crisis Econ\u00f3mico-Social, Derechos Humanos, Derecho a la Ciudad, Migrantes, G\u00e9nero, Discapacidad, Pol\u00edtica Criminal y Seguridad, Medio Ambiente, Pol\u00edtica Nacional e Internacional.<br \/>\n2.- Derecho Privado: Derecho a la Intimidad, Discriminaci\u00f3n, Nuevas Tecnolog\u00edas, Medios de Comunicaci\u00f3n y Libertad de Prensa.<br \/>\n3.- Investigaci\u00f3n, Docencia y Extensi\u00f3n en Ciencias Jur\u00eddicas, la Ense\u00f1anza y las Ciencias Sociales, Pr\u00e1cticas Socio-Comunitarias.<\/p>\n<p><strong>Plazo:<\/strong> Las ponencias ser\u00e1n admitidas hasta el 16 de agosto para su publicaci\u00f3n digital e inclusi\u00f3n en Mesa de exposici\u00f3n y debate por zoom. Ser\u00e1n enviadas v\u00eda email a xxvjornadasdeinvestigadorxs@gmail.com<\/p>\n<p><strong>Autores:<\/strong> Los trabajos podr\u00e1n ser de autor\u00eda individual o grupal; en este \u00faltimo caso se admitir\u00e1 un m\u00e1ximo de TRES (3) autores, UN (1) trabajo ORIGINAL no publicado con anterioridad.<\/p>\n<p><strong>Formato y Extensi\u00f3n:<\/strong> Las ponencias deber\u00e1n ser escritas en computadora, en hojas A4 de un solo lado del papel y a espacio UNO Y MEDIO (1 \u00bd). La fuente del trabajo deber\u00e1 ser Times New Roman, tama\u00f1o DOCE (12). El documento deber\u00e1 estar contenido en un solo archivo, con una extensi\u00f3n m\u00e1xima de DOCE (12) hojas. En archivo separado se deber\u00e1 enviar un abstract o resumen de la ponencia con una extensi\u00f3n m\u00e1xima de CIENTO CINCUENTA (150) palabras; normas APA 6.-<\/p>\n<p>Identificaci\u00f3n: La ponencia deber\u00e1 contener en la portada los siguientes datos: t\u00edtulo del trabajo, nombre y apellido del ponente, universidad o instituci\u00f3n a la que pertenece, direcci\u00f3n, c\u00f3digo postal, tel\u00e9fono, ciudad, provincia, pa\u00eds y correo electr\u00f3nico del autor.<\/p>\n<p><strong>Publicaci\u00f3n:<\/strong> La presentaci\u00f3n de las ponencias a los efectos de estas Jornadas y el cumplimiento de los requisitos establecidos, importar\u00e1 la autorizaci\u00f3n para la publicaci\u00f3n de la misma en forma total o parcial por parte de los organizadores de la misma. La recopilaci\u00f3n se titula \u201cAvances de Investigaci\u00f3n en Ciencias Jur\u00eddicas y Sociales\u201d y se publicar\u00e1 en formato digital con su respectivo ISBN.<\/p>\n<p><strong>Inscripci\u00f3n:<\/strong> se realiza con la remisi\u00f3n de la ponencia.<\/p>\n<p><strong>Informaci\u00f3n:<\/strong> Nora Perales, correo electr\u00f3nico xxvjornadasdeinvestigadorxs@gmail.com<\/p>\n<p><strong>IMPORTANTE:<\/strong> respetar la identificaci\u00f3n de las ponencias para facilitar la recopilaci\u00f3n y publicaci\u00f3n de las mismas.<\/p>\n","protected":false},"excerpt":{"rendered":"<p>26,27 y 28 de agosto. Organizadas por el Instituto de Investigaciones &#8220;Dr. Carlos Santiago Nino2 y el Centro de Investigaci\u00f3n y Docencia en Derechos Humanos &#8220;Dra. Alicia Moreau&#8221; de nuestra facultad. <\/p>\n","protected":false},"author":1,"featured_media":1024,"comment_status":"open","ping_status":"open","sticky":false,"template":"","format":"standard","meta":[],"categories":[2,12],"tags":[],"_links":{"self":[{"href":"https:\/\/derecho.mdp.edu.ar\/index.php\/wp-json\/wp\/v2\/posts\/1023"}],"collection":[{"href":"https:\/\/derecho.mdp.edu.ar\/index.php\/wp-json\/wp\/v2\/posts"}],"about":[{"href":"https:\/\/derecho.mdp.edu.ar\/index.php\/wp-json\/wp\/v2\/types\/post"}],"author":[{"embeddable":true,"href":"https:\/\/derecho.mdp.edu.ar\/index.php\/wp-json\/wp\/v2\/users\/1"}],"replies":[{"embeddable":true,"href":"https:\/\/derecho.mdp.edu.ar\/index.php\/wp-json\/wp\/v2\/comments?post=1023"}],"version-history":[{"count":2,"href":"https:\/\/derecho.mdp.edu.ar\/index.php\/wp-json\/wp\/v2\/posts\/1023\/revisions"}],"predecessor-version":[{"id":1026,"href":"https:\/\/derecho.mdp.edu.ar\/index.php\/wp-json\/wp\/v2\/posts\/1023\/revisions\/1026"}],"wp:featuredmedia":[{"embeddable":true,"href":"https:\/\/derecho.mdp.edu.ar\/index.php\/wp-json\/wp\/v2\/media\/1024"}],"wp:attachment":[{"href":"https:\/\/derecho.mdp.edu.ar\/index.php\/wp-json\/wp\/v2\/media?parent=1023"}],"wp:term":[{"taxonomy":"category","embeddable":true,"href":"https:\/\/derecho.mdp.edu.ar\/index.php\/wp-json\/wp\/v2\/categories?post=1023"},{"taxonomy":"post_tag","embeddable":true,"href":"https:\/\/derecho.mdp.edu.ar\/index.php\/wp-json\/wp\/v2\/tags?post=1023"}],"curies":[{"name":"wp","href":"https:\/\/api.w.org\/{rel}","templated":true}]}}